{"id":615,"date":"2016-10-11T10:05:28","date_gmt":"2016-10-11T08:05:28","guid":{"rendered":"http:\/\/gscrossen.de.92-51-129-199.artofpages.de\/?p=365"},"modified":"2023-11-21T09:03:55","modified_gmt":"2023-11-21T09:03:55","slug":"jahr-2016","status":"publish","type":"post","link":"https:\/\/gscrossen.de\/?p=615","title":{"rendered":"Jahr 2016"},"content":{"rendered":"<div>\n<h1 style=\"text-align: center;\"><strong>Einblicke ins Jahr 2016<\/strong><\/h1>\n<p style=\"text-align: center;\"><strong>Projekte und Wandertage im 2. Schulhalbjahr 2015\/16<\/strong><em><br \/>\n<\/em><\/p>\n<p>Der Kartoffelbus an der GS Crossen<\/p>\n<p>Am Dienstag, dem 15.03.2016 war der Kartoffelbus zu Besuch in der Grundschule Crossen.\u00a0Wir haben Kartoffeln und Quark zubereitet.<\/p>\n<p>Zuerst hat der Koch uns alles erkl\u00e4rt. Danach haben wir die Kartoffeln gesch\u00e4lt und geschnitten.\u00a0In der Zeit als die Kartoffeln gekocht haben, haben wir Obst und Gem\u00fcse geschnitten und haben den Quark anger\u00fchrt.\u00a0Als alles fertig war, haben wir gegessen, es hat lecker geschmeckt.<\/p>\n<p>Ich hoffe, dass der Bus noch einmal kommt.<\/p>\n<p><strong><em>Lisa-Sophie und Marie, Klasse 3a<\/em><\/strong><\/p>\n<p><span style=\"color: #000000; font-family: Calibri;\">Am Dienstag, dem 15.M\u00e4rz 2016,<\/span><span style=\"color: #000000; font-family: Calibri;\">\u00a0 <\/span><span style=\"color: #000000; font-family: Calibri;\">durften wir in einem Kochbus unser eigenes Essen zubereiten. Zu aller Freude gab es Pommes und Ketchup. Zuerst erkl\u00e4rte uns der Koch viele Dinge zur Kartoffel und zu ihrer vielseitigen Verwendung. Dann zeigte er uns, wie wir die Kartoffeln sch\u00e4len und schneiden sollen und schon ging es los. Als die Bleche mit Pommes gef\u00fcllt waren, kamen sie in den Ofen und in der Zwischenzeit bereiteten wir den dazugeh\u00f6rigen Ketchup mit viel Gem\u00fcse selbst zu. Als alles fertig war, durften es sich alle schmecken lassen. Der Ketchup hat zwar nicht so wie aus dem Supermarkt geschmeckt, aber er war trotzdem lecker und wir fanden es super, unser Essen ganz allein zuzubereiten!<\/span><\/p>\n<p><span style=\"color: #000000; font-family: Calibri;\">Klasse 3b<\/span><\/p>\n<p><a href=\"https:\/\/gscrossen.de\/wp-content\/uploads\/2016\/10\/Bild-3.jpg\"><img loading=\"lazy\" decoding=\"async\" class=\"alignnone wp-image-702 size-medium\" src=\"http:\/\/gscrossen.de.92-51-129-199.artofpages.de\/wp-content\/uploads\/2016\/10\/Bild-3-300x231.jpg\" alt=\"bild-3\" width=\"300\" height=\"231\" \/><\/a><a href=\"https:\/\/gscrossen.de\/wp-content\/uploads\/2016\/10\/Bild-4.jpg\"><img loading=\"lazy\" decoding=\"async\" class=\"alignnone wp-image-703 size-medium\" src=\"http:\/\/gscrossen.de.92-51-129-199.artofpages.de\/wp-content\/uploads\/2016\/10\/Bild-4-300x155.jpg\" alt=\"bild-4\" width=\"300\" height=\"155\" \/><\/a><\/p>\n<p>&nbsp;<\/p>\n<p>&nbsp;<\/p>\n<h3 style=\"text-align: center;\"><span style=\"color: #ff9900; text-decoration: underline;\">Teilnahme am Adam-Ries- Wettbewerb:<\/span><\/h3>\n<p>Auch in diesem Schuljahr fand am 1. M\u00e4rz die 2. Stufe des Adam-Ries-Wettbewerbes in Zwickau an der Adam-Ries-Schule statt und die besten Mathematiker der Grundschule Crossen durften daran teilnehmen. Alle waren mit Begeisterung dabei und gaben ihr Bestes. So belegte zum Beispiel Lukas Laube aus der Klasse 3b den 2. Platz von 29 Mitstreitern in seiner Klassenstufe.<\/p>\n<p>Allen Teilnehmern noch einmal herzlichste Gl\u00fcckw\u00fcnsche und weiter so! Vielen Dank auch an alle Eltern, die die Teilnahme ihrer Kinder erm\u00f6glicht haben.<\/p>\n<p><strong><em>Frau Wilhelm (Verantwortlicher Kollege f\u00fcr Mathematik)<\/em><\/strong><\/p>\n<p><a href=\"https:\/\/gscrossen.de\/wp-content\/uploads\/2016\/10\/MO.jpg\"><img loading=\"lazy\" decoding=\"async\" class=\"alignnone wp-image-704 size-medium\" src=\"http:\/\/gscrossen.de.92-51-129-199.artofpages.de\/wp-content\/uploads\/2016\/10\/MO-300x199.jpg\" alt=\"mo\" width=\"300\" height=\"199\" \/><\/a><a href=\"https:\/\/gscrossen.de\/wp-content\/uploads\/2016\/10\/MO2.jpg\"><img loading=\"lazy\" decoding=\"async\" class=\"alignnone wp-image-705 size-medium\" src=\"http:\/\/gscrossen.de.92-51-129-199.artofpages.de\/wp-content\/uploads\/2016\/10\/MO2-300x114.jpg\" alt=\"mo2\" width=\"300\" height=\"114\" \/><\/a><\/p>\n<p>&nbsp;<\/p>\n<h3 style=\"text-align: center;\"><span style=\"text-decoration: underline;\"><span style=\"color: #ff00ff; text-decoration: underline;\">Ausflug zum Tag des Schulkinos<\/span><\/span><\/h3>\n<p>Wir sind am 10.03.2016, um 8.00 Uhr ins Kino gefahren. Die Fahrzeit war 15 Minuten. Als wir im Kino angekommen waren, liefen alle hinein und setzten sich nach Klassenstufe hin. Nun ging es los, der Film hie\u00df &#8220;Rettet Raffi&#8221;. Der Film war spannend und lustig. Nach dem Film sind wir zur Schule gefahren. Das war toll.<\/p>\n<p><strong>\u00a0<em>Florentine Hempel, Klasse 4b<\/em><\/strong><\/p>\n<p>&#8212;&#8212;&#8212;&#8212;&#8212;&#8212;&#8212;&#8212;&#8212;&#8212;&#8212;&#8212;&#8212;&#8212;&#8212;&#8212;&#8212;&#8212;&#8212;&#8212;&#8212;&#8212;&#8212;<\/p>\n<p>Wir waren am 10.03.2016 mit der Grundschule Crossen im Crimmitschauer Kino zu den Schulkinowochen und haben uns den Film &#8220;Rettet Raffi &#8220;angeschaut.<\/p>\n<p>Der Film hat mir sehr gut gefallen, weil es sehr lustige war,es aber auch spannende Teile gab.<\/p>\n<p>In dem Film handelt es sich um einen Goldhamster Namens Raffi der dem 8-j\u00e4hrigen Sammy geh\u00f6rt. Der kleine Nager ist etwas ganz Besonderes: Er kann n\u00e4mlich Tore schie\u00dfen und sogar Schmuggelware erschn\u00fcffeln. Und das besser als jeder Sp\u00fcrhund.<\/p>\n<p>Eines Tages ist Raffi weg!<\/p>\n<p>Doch Mutter und Schwester haben keine Zeit den Hamster zu suchen und Papa arbeitet im Ausland. Also muss sich Sammy allein auf die gef\u00e4hrliche Suche machen, denn bald stellt sich heraus, dass Raffi von einem Verbrecher entf\u00fchrt worden ist.<\/p>\n<p>Sammy erlebt eine abenteuerliche Zeit in der Gro\u00dfstadt Hamburg bis er Raffi wieder findet.<\/p>\n<p>&gt;&gt;RETTET RAFFI! Ist ein Film f\u00fcr die ganze Familie.<\/p>\n<p><strong><em>Sch\u00fcler der Klasse 4b<\/em><\/strong><\/p>\n<p>&nbsp;<\/p>\n<hr \/>\n<p>&nbsp;<\/p>\n<\/div>\n<h3 style=\"text-align: center;\"><span style=\"color: #339966; text-decoration: underline;\">K\u00e4nguru-Wettbewerb:<\/span><\/h3>\n<p><span style=\"color: #000000; font-family: Calibri;\">Am 17. M\u00e4rz war es wieder soweit, 21 Sch\u00fcler nahmen an unserer Schule am europaweiten \u201eK\u00e4nguru der Mathematik\u201c f\u00fcr die dritten und vierten Klassen teil.<\/span><\/p>\n<p><span style=\"color: #000000; font-family: Calibri;\">Dieser Multiple-Choice-Wettbewerb ist bei den Kindern sehr beliebt, denn es gibt nur Gewinner. Jeder Teilnehmer erh\u00e4lt einen kleinen Preis und eine Urkunde. Zus\u00e4tzlich gibt es f\u00fcr das Kind mit der h\u00f6chsten Punktzahl und f\u00fcr das Kind mit dem weitesten K\u00e4ngurusprung (die meisten richtigen Antworten hintereinander) einen Extra-Preis.<\/span><\/p>\n<p><span style=\"color: #000000; font-family: Calibri;\">Alle gaben sich wieder viel M\u00fche, waren mit voller Konzentration dabei und versuchten in 75 Minuten die mitunter doch recht anspruchsvollen Aufgaben zu l\u00f6sen.<\/span><\/p>\n<p><a href=\"https:\/\/gscrossen.de\/wp-content\/uploads\/2016\/10\/Bild-2.jpg\"><img loading=\"lazy\" decoding=\"async\" class=\"alignnone wp-image-726 size-medium\" src=\"http:\/\/gscrossen.de.92-51-129-199.artofpages.de\/wp-content\/uploads\/2016\/10\/Bild-2-300x127.jpg\" alt=\"bild-2\" width=\"300\" height=\"127\" \/><\/a><a href=\"https:\/\/gscrossen.de\/wp-content\/uploads\/2016\/10\/Bild-1.jpg\"><img loading=\"lazy\" decoding=\"async\" class=\"alignnone wp-image-727 size-medium\" src=\"http:\/\/gscrossen.de.92-51-129-199.artofpages.de\/wp-content\/uploads\/2016\/10\/Bild-1-300x144.jpg\" alt=\"bild-1\" width=\"300\" height=\"144\" \/><\/a><\/p>\n<div>\n<h3 style=\"text-align: center;\"><span style=\"text-decoration: underline;\"><span style=\"color: #00ccff;\"><strong>Rechenmeister der GS Crossen:<\/strong><\/span><\/span><\/h3>\n<p>Auch in diesem Schuljahr wurden wieder die \u201eRechenmeister der GS Crossen\u201c beim Kopfrechnen in den einzelnen Klassenstufen gesucht. Insgesamt nahmen 38 Sch\u00fclerinnen und Sch\u00fcler am Wettbewerb teil und versuchten durch richtiges aber auch schnelles Rechnen den Titel zu erlangen.<\/p>\n<p><strong>Unsere Rechenk\u00f6nige im Schuljahr 2015\/2016 sind:<\/strong><\/p>\n<p><strong>Klassenstufe 1:\u00a0\u00a0\u00a0 Jette Badst\u00fcbner<\/strong><\/p>\n<p><strong>Klassenstufe 2:\u00a0\u00a0\u00a0 Elisa Felber\u00a0\u00a0\u00a0\u00a0\u00a0\u00a0\u00a0\u00a0\u00a0\u00a0\u00a0\u00a0\u00a0\u00a0\u00a0\u00a0\u00a0\u00a0\u00a0\u00a0\u00a0\u00a0\u00a0\u00a0\u00a0\u00a0\u00a0\u00a0\u00a0\u00a0\u00a0\u00a0\u00a0\u00a0\u00a0\u00a0\u00a0\u00a0\u00a0 <\/strong><\/p>\n<p><strong>Klassenstufe 3:\u00a0\u00a0\u00a0 Lukas Laube<\/strong><\/p>\n<p><strong>Klassenstufe 4:\u00a0\u00a0\u00a0 Finley Scholz<\/strong><\/p>\n<p>Herzlichen Gl\u00fcckwunsch allen Teilnehmern und nat\u00fcrlich unseren Siegern!<\/p>\n<h2 style=\"text-align: center;\"><span style=\"color: #3366ff;\"><strong>F\u00e4cherverbind<\/strong><\/span><span style=\"color: #3366ff;\"><strong>ender Unterricht zum Thema: &#8220;Unterm Regenbogen&#8221;<\/strong><\/span><\/h2>\n<p>In der Woche vor den Sommerferien startete die Grundschule in den 2. f\u00e4cherverbindenden Unterricht dieses Schuljahres. Ganz unter der Thematik &#8220;Unterm Regenbogen&#8221; besch\u00e4ftigten sich die Sch\u00fcler sehr vielseitig. Ob unter Anleitung der Autorin Claudia Puhlf\u00fcrst beim Detektivspiel mit Fingerabdr\u00fccken machen oder bei den Highlandgames mit einigen Eltern des Clans &#8220;MC Gregor &#8221; aus Mosel. Ebenso interessant war der Besuch des F\u00f6rsters mit seiner Waldschule und den pr\u00e4parierten Tieren sowie nat\u00fcrlich der Auftritt der Hexe Huckla, die uns in englischer Sprache unterhielt. Eine Vielzahl an Aktivit\u00e4ten wurde in dieser Woche geboten, so vielf\u00e4ltig, wie die Farben des Regenbogens.<\/p>\n<p><img loading=\"lazy\" decoding=\"async\" class=\"alignnone size-medium wp-image-837\" src=\"https:\/\/gscrossen.de\/wp-content\/uploads\/2016\/10\/CIMG1001-e1482921213791-225x300.jpg\" alt=\"\" width=\"225\" height=\"300\" \/><img loading=\"lazy\" decoding=\"async\" class=\"alignnone size-medium wp-image-838\" src=\"https:\/\/gscrossen.de\/wp-content\/uploads\/2016\/10\/CIMG1008-e1482921307981-225x300.jpg\" alt=\"\" width=\"225\" height=\"300\" \/><img loading=\"lazy\" decoding=\"async\" class=\"alignnone size-medium wp-image-840\" src=\"https:\/\/gscrossen.de\/wp-content\/uploads\/2016\/10\/CIMG1035-300x225.jpg\" alt=\"\" width=\"300\" height=\"225\" \/><img loading=\"lazy\" decoding=\"async\" class=\"alignnone size-medium wp-image-841\" src=\"https:\/\/gscrossen.de\/wp-content\/uploads\/2016\/10\/CIMG1012-261x300.jpg\" alt=\"\" width=\"261\" height=\"300\" \/><img loading=\"lazy\" decoding=\"async\" class=\"alignnone size-medium wp-image-842\" src=\"https:\/\/gscrossen.de\/wp-content\/uploads\/2016\/10\/CIMG1041-300x225.jpg\" alt=\"\" width=\"300\" height=\"225\" \/><img loading=\"lazy\" decoding=\"async\" class=\"alignnone size-medium wp-image-843\" src=\"https:\/\/gscrossen.de\/wp-content\/uploads\/2016\/10\/CIMG1047-300x225.jpg\" alt=\"\" width=\"300\" height=\"225\" \/><img loading=\"lazy\" decoding=\"async\" class=\"alignnone size-medium wp-image-839\" src=\"https:\/\/gscrossen.de\/wp-content\/uploads\/2016\/10\/CIMG1018-300x225.jpg\" alt=\"\" width=\"300\" height=\"225\" \/><\/p>\n<p>&nbsp;<\/p>\n<p>&nbsp;<\/p>\n<h2 style=\"text-align: center;\"><span style=\"text-decoration: underline;\"><span style=\"color: #ff0000; text-decoration: underline;\">Feedbacks aus dem Schuljahr 2015\/16<\/span><\/span><\/h2>\n<p>Klasse 1a:<\/p>\n<p>&nbsp;<\/p>\n<p>Zu Beginn des Schuljahres war f\u00fcr uns die Busschule da. Wir lernten das richtige Verhalten im Bus und an der Haltestelle. Cool war es einmal auf dem Fahrersitz Platz zu nehmen. Im September lehrte uns Herr Szelig, wie man sich richtig gegen\u00fcber fremden Erwachsenen verhalten soll. Zu Weihnachten kam die Oper in die Turnhalle. Ganz nah bei den S\u00e4ngern zu sein, fanden wir alle toll. Am Ende des 1. Schulhalbjahres bekamen wir einen Krimi vorgelesen. Die Kinderbuchautorin war die Frau Puhlf\u00fcrst.<\/p>\n<p>Sie war nett und spannend war es auch. Im M\u00e4rz freuten wir uns auf den Kinobesuch in Crimmitschau. Wir schauten uns den Film&#8221; Findet Raffi&#8221; an.<\/p>\n<p>Das war vielleicht eine spannende Sache! Wenn der Zahnarzt in die Schule kommt, sind wir immer ein bisschen aufgeregt. Aber dieses Mal war es interessant. Wir erfuhren viel \u00fcber die richtige Pflege unserer Z\u00e4hne und was man essen kann, damit sie gesund bleiben. Zum Kindertag ging es ganz sportlich zu. Eis haben wir aber auch geschleckt. Einen neuen Wettkampf lernten wir durch &#8220;speed 4&#8221; kennen. Da konnten wir mal so richtig flitzen. Am spannendsten war unser Wandertag\u00a0 zum &#8220;Sachsenring&#8221;.<\/p>\n<p>Hautnah Rennen zu verfolgen und Fahrer in den &#8220;Boxen&#8221; zu besuchen, war megastark. Unser Sommerfest mit ganz vielen H\u00f6hepunkten und Stationen hat uns sehr gefallen. Hier konnten ja alle die Lust hatten kommen. So zum Beispiel Opas, Omas, Onkel, Tanten, na eben alle. Das Letzte im Schuljahr war der f\u00e4cherverbindende Unterricht. Wir wussten am Anfang nicht so richtig, was da auf uns zu kommt. Aber jetzt wollen wir das immer mal machen! Schade, das es schon zu Ende gegangen ist. Jedenfalls hie\u00df das Motto &#8220;Unterm Regenbogen&#8221;. Wir haben gelesen, geschrieben, gebastelt, Sport gemacht und viel Neues erfahren, eben vom Regenbogen.<\/p>\n<p>Manche w\u00e4ren am liebsten noch in der Schule geblieben. Aber Ferien m\u00fcssen auch mal sein, tr\u00f6stete unsere Lehrerin.<\/p>\n<p>Wir freuen uns auf das neue Schuljahr!<\/p>\n<p>Tsch\u00fcss, die Klasse 1a<\/p>\n<p>&#8212;&#8212;&#8212;&#8212;&#8212;&#8212;&#8212;&#8212;&#8212;&#8211;<\/p>\n<p>Schnell war das erste Schuljahr vorbei. Wir haben viel gelernt und erlebt.<\/p>\n<p>Den Sch\u00fclern der 1b hat besonders gefallen: Der Wandertag zum Bergwerk Oelsnitz, zur Schulkinowoche \u201eFindet Raffi\u201c, die Highlandgames und die Hexe Hukla.<\/p>\n<p>&nbsp;<\/p>\n<p>Wir freuen uns auf die 2. Klasse.<\/p>\n<p>Julia T\u00fcrschmann<\/p>\n<p>&#8212;&#8212;&#8212;&#8212;&#8212;&#8212;&#8212;&#8212;&#8212;&#8212;&#8212;&#8212;&#8212;&#8212;&#8212;&#8212;&#8212;&#8212;&#8212;&#8212;&#8212;&#8212;&#8212;&#8212;&#8212;&#8212;&#8212;&#8212;&#8212;&#8212;&#8212;&#8212;&#8212;&#8212;&#8212;&#8212;&#8212;&#8212;&#8212;&#8212;&#8212;&#8212;&#8212;&#8212;&#8211;<\/p>\n<p><strong>Sch\u00f6ne Erlebnisse der Klasse 2b<\/strong><\/p>\n<p>&nbsp;<\/p>\n<p>Den Kindern der Klasse 2b bleiben in diesem Schuljahr diese Ereignisse in guter Erinnerung, weil sie uns besonders gut gefallen haben:<\/p>\n<ul>\n<li>beide Wandertage (Bergwerk Oelsnitz + Sachsenring)<\/li>\n<li>beide Projektwochen (M\u00e4rchen + unterm Regenbogen)<\/li>\n<li>Kuchenbasar<\/li>\n<li>Schulkino<\/li>\n<li>Sportfest zum Kindertag<\/li>\n<li>Sommerfest<\/li>\n<li>\u201eHenriettes Reise ins Weltall\u201c (Neue Welt)<\/li>\n<\/ul>\n<p>Das w\u00fcrden sich einige Kinder w\u00fcnschen f\u00fcr die weitere Schulzeit in der GS Crossen:<\/p>\n<ul>\n<li>gemeinsamer Tag im Crossener Freibad<\/li>\n<li>Tierpark Hirschfeld zum Wandertag<\/li>\n<li>Schwanenteich Spielplatz oder Wei\u00dfenborner Wald<\/li>\n<li>wieder Besuch im Kino<\/li>\n<li>Handwerker des Ortes kennenlernen<\/li>\n<\/ul>\n<p>&#8212;&#8212;&#8212;&#8212;&#8212;&#8212;&#8212;&#8212;&#8212;<\/p>\n<p>&nbsp;<\/p>\n<h3 style=\"text-align: center;\"><span style=\"text-decoration: underline;\"><span style=\"color: #00ff00;\"><strong>Klassenfahrt der Klasse 4b \u2013 1.Erholungstag im \u201eHohen Hain\u201c<\/strong><\/span><\/span><\/h3>\n<p>Meine Mama und ich mussten uns 9.00 Uhr auf dem Schulhof mit den anderen treffen. Weil Luca etwas sp\u00e4ter kam, ging es erst 9.20 Uhr los.<\/p>\n<p>Wir sind mit dem Bus nach Limbach-Oberfrohnah in die Jugendherberge gefahren.<\/p>\n<p>Es dauerte 45 Minuten bis wir ankamen.\u00a0 Gegen 10.00 Uhr waren wir da. Frau Trompelt hat uns angemeldet. Nach 20 Minuten wurden wir in unsere Bungalows eingewiesen. Dann durften wir Betten mach und auspacken.<\/p>\n<p>Wir haben uns nach einer halben Stunde getroffen und Frau Trompelt hat uns die Regeln erkl\u00e4rt. Danach durften wir alles machen, den Ort (Jugendherberge) erkunden und alles ausprobieren.<\/p>\n<p>Dann haben wir uns 12.00 Uhr wieder getroffen und sind gemeinsam zum Essen gegangen. Ich habe Nudeln mit Gulasch gegessen und Tee getrunken. Alle mussten auch den Tisch abwischen.<\/p>\n<p>Wir haben uns nach dem Essen wieder getroffen.<\/p>\n<p>Dann durften wir machen was wir wollten. Ich habe mit den anderen ein Fangspiel gespielt.<\/p>\n<p>15.00 Uhr sind wir zum Trampolinspringen gegangen. Wo wir dort ankamen, waren wir begeistert. Da blo\u00df 4 Kinder springen durften, waren f\u00fcr die anderen ein paar Fitnessger\u00e4te bereit.<\/p>\n<p>Ich war auf der Vogelnestschaukel als es passierte. Wir hatten ein Ballspiel gespielt und Fabienne traf mich voll ins Gesicht mit dem Ball. Die ersten paar Minuten konnte ich nichts sehen. Dann ging\u2018s wieder und ich bin Trampolinspringen gegangen.<\/p>\n<p>16.15 Uhr haben wir uns bei den B\u00e4nken getroffen. Danach hat uns Frau Trompelt wie der Tag noch abl\u00e4uft erkl\u00e4rt.<\/p>\n<p>Wir sind alle in unsere Bungalows gegangen. Anschlie\u00dfend sind wir 17.30 Uhr zum Essen gegangen. Zum Abendessen gab es Brot, Wurst und Eierkuchen mit Zucker. Ich habe Brot mit Wurst gegessen. Wir mussen auch wieder den Tisch abwischen und es ging gleicht weiter zum Line Dance.<\/p>\n<p>Frau Bachmann hat den M\u00e4dchen einen Line Dance beigebracht. Wir Jungs haben nebenbei mit Lucas Ball gespielt.<\/p>\n<p>Dann haben wir Klassenrat gemacht. Im Klassenrat geht es um Probleme und was man in unserer Klasse besser machen k\u00f6nnte.<\/p>\n<p>Danach sind wir 20.40 Uhr in unsere Bungalows gegangen und haben uns gewaschen und ausgezogen. 22.00 Uhr war Bettruhe. Wir durften kein Licht anhaben und nicht spielen.<\/p>\n<p>Bei unserer Jungs-WG wollte noch niemand schlafen.<\/p>\n<p>Frau Trompelt, Frau Bachmann und meine Mama sind drau\u00dfen herumgelaufen und haben geguckt, ob die Kinder schlafen. Frau Trompelt musste mehrmals bei uns reingucken.<\/p>\n<p>Wir haben trotzdem bis 22.45 Uhr erz\u00e4hlt. Danach haben wir gemerkt, dass Tom schl\u00e4ft und haben uns dazu entschlossen, auch zu schlafen. Jannis und ich konnten nicht schlafen und wir haben noch ein bisschen erz\u00e4hlt. Dann sind uns beiden auch die Augen zugefallen. \u201eGute Nacht!!!\u201c<\/p>\n<p>Jakob K\u00f6rner<\/p>\n<p>3. Tag im \u201eHohen Hain\u201c<\/p>\n<p>&nbsp;<\/p>\n<p>Am 04. Mai 2016 wurden wir 7.25 Uhr von Frau Trompelt geweckt. Dann haben wir uns angezogen und sind 8.00 Uhr zum Essen gegangen. Dort habe ich ein Br\u00f6tchen mit Nutella gegessen und einen Pfefferminztee getrunken.<\/p>\n<p>Danach sind wir in unseren Bungalow gegangen. Nun haben wir unsere Betten abgezogen und alles eingepackt. Anschlie\u00dfen hat ein Mann vom Feriendorf unsere Bungalows kontrolliert.<\/p>\n<p>9.15 Uhr hat mir Robin pl\u00f6tzlich seine Flasche ins Gesicht geschlagen.<\/p>\n<p>Unsere Koffer haben wir 9.40 Uhr in einem Lagerraum abgegeben. Eine halbe Stunde sind wir bis zum Rewe gelaufen und dann haben uns die Muttis von Tom und Jannis mit dem Auto mitgenommen. 10.15 Uhr sind wir im Tierpark angekommen und haben dort Luchse, Alpakas und noch viel mehr gesehen. 11.30 Uhr sind wir aus dem Tierpark gegangen und haben dann die Parkgastst\u00e4tte neben dem Tierpark besucht.<\/p>\n<p>Dort habe ich Br\u00f6tchen mit Wiener und Ketchup gegessen.<\/p>\n<p>Da ich in der letzten Gruppe war, haben wir, w\u00e4hrend wir gewartet haben, mit einem Ball gespielt. Dann nahmen uns wieder die Muttis von Tom und Jannis zum Feriencamp. Als wir da waren, haben wir schnell unsere Koffer geholt und sind dann 13.00 Uhr mit dem Bus zur\u00fcck zur Schule gefahren. Nach einer dreiviertel Stunde sind wir auch schon angekommen. F\u00fcr mich war die Fahrt, wie als h\u00e4tten wir f\u00fcnf Minuten gebraucht, weil ich die ganze Fahrt geschlafen habe.<\/p>\n<p>Als wir nun angekommen sind, hat Jakobs Mutti Daria, Jakob und mich mitgenommen und zu Hause abgeliefert.<\/p>\n<p>Am Tag vorher war von 20.00 bis 22.00 Uhr Disco. 21.00 Uhr habe ich mir einen Jaguar f\u00fcr 1,50 \u20ac spritzen lassen.<\/p>\n<p>Alle die keine Lust mehr hatten, konnten in die Bungalows aber sie mussten sofort schlafen. Vielen M\u00e4dels ging es von dem schwarz wei\u00dfen Licht schlecht, wie z. B. Emily.<\/p>\n<p>Die Anderen und ich haben bis zum Ende getanzt und dann sind wir alles ins Bett.<\/p>\n<p>Luca Luis Ebert<\/p>\n<\/div>\n<h2><span style=\"color: #ff0000;\">Ein neues Schuljahr beginnt: 2016\/2017<\/span><\/h2>\n<h3 style=\"text-align: center;\"><span style=\"color: #0000ff;\"><u>Schulanfang am 06. August<\/u>\u00a0\u00a0\u00a0\u00a0\u00a0\u00a0\u00a0\u00a0\u00a0\u00a0\u00a0\u00a0\u00a0\u00a0\u00a0\u00a0\u00a0\u00a0\u00a0\u00a0\u00a0\u00a0\u00a0\u00a0\u00a0\u00a0\u00a0 <\/span><span style=\"text-decoration: underline;\">\u00a0<\/span><img loading=\"lazy\" decoding=\"async\" class=\"alignnone wp-image-600\" src=\"https:\/\/gscrossen.de\/wp-content\/uploads\/2016\/11\/stundenplan.png\" alt=\"stundenplan\" width=\"85\" height=\"85\" \/><\/h3>\n<p>An diesem Samstag wurden in\u00a0Crossen 37 Schulanf\u00e4nger eingeschult. In der festlich geschm\u00fcckten Turnhalle erlebten die Erstkl\u00e4ssler und ihre G\u00e4ste ein sch\u00f6nes Programm, aufgef\u00fchrt von dem Chor unserer Schule unter Leitung von Frau Schaller. Die neuen Sch\u00fcler der Klassen 1a und 1b mit ihren Lehrerinnen Frau Schaller und Frau Hofmann waren nat\u00fcrlich auch aufgeregt. Am Ende der Schulaufnahme erhielten alle Abc-Sch\u00fctzen eine gro\u00dfe Zuckert\u00fcte. Am Montag geht&#8217;s dann richtig los!<\/p>\n<p><a href=\"http:\/\/gscrossen.de.92-51-129-199.artofpages.de\/wp-content\/uploads\/2016\/10\/CIMG1139-e1479456625687.jpg\"><img loading=\"lazy\" decoding=\"async\" class=\"alignnone wp-image-701\" src=\"http:\/\/gscrossen.de.92-51-129-199.artofpages.de\/wp-content\/uploads\/2016\/10\/CIMG1139-300x283.jpg\" alt=\"cimg1139\" width=\"388\" height=\"366\" \/><\/a><\/p>\n<p><a href=\"https:\/\/gscrossen.de\/wp-content\/uploads\/2016\/10\/CIMG1134.jpg\"><img loading=\"lazy\" decoding=\"async\" class=\"alignnone wp-image-721 size-medium\" src=\"http:\/\/gscrossen.de.92-51-129-199.artofpages.de\/wp-content\/uploads\/2016\/10\/CIMG1134-300x172.jpg\" alt=\"cimg1134\" width=\"300\" height=\"172\" \/><\/a><a href=\"https:\/\/gscrossen.de\/wp-content\/uploads\/2016\/10\/CIMG1130.jpg\"><img loading=\"lazy\" decoding=\"async\" class=\"alignnone wp-image-722 size-medium\" src=\"http:\/\/gscrossen.de.92-51-129-199.artofpages.de\/wp-content\/uploads\/2016\/10\/CIMG1130-300x167.jpg\" alt=\"cimg1130\" width=\"300\" height=\"167\" \/><\/a><a href=\"https:\/\/gscrossen.de\/wp-content\/uploads\/2016\/10\/CIMG1140.jpg\"><img loading=\"lazy\" decoding=\"async\" class=\"alignnone wp-image-723 size-medium\" src=\"http:\/\/gscrossen.de.92-51-129-199.artofpages.de\/wp-content\/uploads\/2016\/10\/CIMG1140-300x217.jpg\" alt=\"cimg1140\" width=\"300\" height=\"217\" \/><\/a><\/p>\n<p>&nbsp;<\/p>\n<h4><span style=\"text-decoration: underline;\">Unser Sporttag am 08. September im Crossener Freibad<\/span><\/h4>\n<p><span style=\"text-decoration: underline;\"><a href=\"https:\/\/gscrossen.de\/wp-content\/uploads\/2016\/10\/DSC_1133.jpg\"><img loading=\"lazy\" decoding=\"async\" class=\"alignnone wp-image-710 size-medium\" src=\"http:\/\/gscrossen.de.92-51-129-199.artofpages.de\/wp-content\/uploads\/2016\/10\/DSC_1133-300x198.jpg\" alt=\"dsc_1133\" width=\"300\" height=\"198\" \/><\/a><a href=\"https:\/\/gscrossen.de\/wp-content\/uploads\/2016\/10\/DSC_1134.jpg\"><img loading=\"lazy\" decoding=\"async\" class=\"alignnone wp-image-711 size-medium\" src=\"http:\/\/gscrossen.de.92-51-129-199.artofpages.de\/wp-content\/uploads\/2016\/10\/DSC_1134-300x189.jpg\" alt=\"dsc_1134\" width=\"300\" height=\"189\" \/><\/a><a href=\"https:\/\/gscrossen.de\/wp-content\/uploads\/2016\/10\/DSC_1132.jpg\"><img loading=\"lazy\" decoding=\"async\" class=\"alignnone wp-image-713 size-medium\" src=\"http:\/\/gscrossen.de.92-51-129-199.artofpages.de\/wp-content\/uploads\/2016\/10\/DSC_1132-300x155.jpg\" alt=\"dsc_1132\" width=\"300\" height=\"155\" \/><\/a><\/span><\/p>\n<h3 style=\"text-align: center;\">\u00a0 <span style=\"color: #00ff00;\">T-Shirts f\u00fcr die GS Crossen<\/span><\/h3>\n<p>Zu Beginn des Schuljahres entschieden wir uns in Abstimmung mit unseren Sch\u00fclern und Eltern f\u00fcr die Anschaffung von Schul-T-Shirts.<\/p>\n<p>Diese wurden f\u00fcr unsere Sch\u00fcler in leuchtend gr\u00fcner Farbe mit schwarzem Aufdruck unseres Schulnamens au dem R\u00fccken\u00a0 sowie unseres Schulmaskottchens &#8220;Lerni&#8221; angefertigt. F\u00fcr das Kollegium gab es ebenfalls das tolle T-Shirt. Wir werden diese zu besonderen Anl\u00e4ssen und Sportwettk\u00e4mpfen tragen.<\/p>\n<p>Die Klasse 1b stand f\u00fcr uns Model, als sie diese erstmalig zum Wandertag trugen.<\/p>\n<p><img loading=\"lazy\" decoding=\"async\" class=\"alignnone size-medium wp-image-847\" src=\"https:\/\/gscrossen.de\/wp-content\/uploads\/2016\/10\/CIMG1160-300x225.jpg\" alt=\"\" width=\"300\" height=\"225\" \/><\/p>\n<h3 style=\"text-align: center;\"><strong><span style=\"color: #0000ff;\">\u00a01. Wandertag der gesamten Sch\u00fclerschaft unserer Grundschule<\/span> <\/strong><\/h3>\n<p>Im September machten sich alle Sch\u00fcler zur Burg Sch\u00f6nfels auf. Mit Sonderbussen ging es bei sch\u00f6nem Wetter los. Auf der Burg wurden die Kinder zu einer Ralley erwartet. Sie mussten gut zuh\u00f6ren, denn am Ende gab es ein Quiz zu l\u00f6sen. Nachdem\u00a0 sich dann alle gest\u00e4rkt hatten , gab es noch f\u00fcr jeden Sch\u00fcler eine Urkunde und es ging wieder mit den Bussen in die Schule zur\u00fcck.<\/p>\n<p><img loading=\"lazy\" decoding=\"async\" class=\"alignnone size-medium wp-image-848\" src=\"https:\/\/gscrossen.de\/wp-content\/uploads\/2016\/10\/CIMG1158-300x225.jpg\" alt=\"\" width=\"300\" height=\"225\" \/><img loading=\"lazy\" decoding=\"async\" class=\"alignnone size-medium wp-image-849\" src=\"https:\/\/gscrossen.de\/wp-content\/uploads\/2016\/10\/CIMG1156-300x225.jpg\" alt=\"\" width=\"300\" height=\"225\" \/><img loading=\"lazy\" decoding=\"async\" class=\"alignnone size-medium wp-image-850\" src=\"https:\/\/gscrossen.de\/wp-content\/uploads\/2016\/10\/CIMG1159-300x225.jpg\" alt=\"\" width=\"300\" height=\"225\" \/><\/p>\n<h3><span style=\"text-decoration: underline;\">Projekt&#8221;Herbst&#8221; der Klasse 2a im November<\/span><\/h3>\n<p>nach\u00a0dem Herbstprojekt schrieben Kinder ihre Meinungen dazu nieder:<\/p>\n<p><a href=\"https:\/\/gscrossen.de\/wp-content\/uploads\/2016\/10\/DSC_0004.jpg\"><img loading=\"lazy\" decoding=\"async\" class=\"alignnone wp-image-715 size-medium\" src=\"http:\/\/gscrossen.de.92-51-129-199.artofpages.de\/wp-content\/uploads\/2016\/10\/DSC_0004-174x300.jpg\" alt=\"dsc_0004\" width=\"174\" height=\"300\" \/><\/a><a href=\"https:\/\/gscrossen.de\/wp-content\/uploads\/2016\/10\/DSC_1254.jpg\"><img loading=\"lazy\" decoding=\"async\" class=\"alignnone wp-image-716 size-medium\" src=\"http:\/\/gscrossen.de.92-51-129-199.artofpages.de\/wp-content\/uploads\/2016\/10\/DSC_1254-300x148.jpg\" alt=\"dsc_1254\" width=\"300\" height=\"148\" \/><\/a><a href=\"https:\/\/gscrossen.de\/wp-content\/uploads\/2016\/10\/DSC_1255.jpg\"><img loading=\"lazy\" decoding=\"async\" class=\"alignnone wp-image-717 size-medium\" src=\"http:\/\/gscrossen.de.92-51-129-199.artofpages.de\/wp-content\/uploads\/2016\/10\/DSC_1255-300x151.jpg\" alt=\"dsc_1255\" width=\"300\" height=\"151\" \/><\/a><a href=\"https:\/\/gscrossen.de\/wp-content\/uploads\/2016\/10\/DSC_1256.jpg\"><img loading=\"lazy\" decoding=\"async\" class=\"alignnone wp-image-718 size-medium\" src=\"http:\/\/gscrossen.de.92-51-129-199.artofpages.de\/wp-content\/uploads\/2016\/10\/DSC_1256-300x124.jpg\" alt=\"dsc_1256\" width=\"300\" height=\"124\" \/><\/a><\/p>\n<hr \/>\n<h3 style=\"text-align: center;\"><strong><span style=\"color: #ff0000;\">Check\u00fcbergabe im Rahmen der VW-Restcentaktion<\/span><\/strong><\/h3>\n<p>Auch in diesem Jahr hatten wir das Gl\u00fcck im Rahmen der Restcentaktion des VW Werkes ausgew\u00e4hlt worden zu sein. Frau Hofmann als Vorsitzende des Schulf\u00f6rdervereins nahm den Check<\/p>\n<h5 class=\"m-b\">im &#8221; Historisches Dorf&#8221; f\u00fcr unsere Schule entgegen.<\/h5>\n<p>Wir feuen uns daf\u00fcr eine gro\u00dfe Hochsprungmatte anschaffen zu k\u00f6nnen und sagen &#8220;Herzlichen Dank&#8221; an die VW Mitarbeiter Mosel.<\/p>\n<p>.<img loading=\"lazy\" decoding=\"async\" class=\"alignnone size-medium wp-image-871\" src=\"https:\/\/gscrossen.de\/wp-content\/uploads\/2016\/10\/DSC_0731-300x199.jpg\" alt=\"\" width=\"300\" height=\"199\" \/>\u00a0\u00a0\u00a0\u00a0 <img loading=\"lazy\" decoding=\"async\" class=\"alignnone size-medium wp-image-873\" src=\"https:\/\/gscrossen.de\/wp-content\/uploads\/2016\/10\/DSC_0748-300x199.jpg\" alt=\"\" width=\"300\" height=\"199\" \/><\/p>\n<h3><span style=\"text-decoration: underline;\">56. Mathematikolympiade<\/span><\/h3>\n<div>\n<p><span style=\"color: #000000; font-family: Calibri;\">Am Mittwoch, dem 09.11.2016, fand die <\/span><span style=\"font-family: Calibri;\">2. Stufe der 56. Mathematikolympiade <\/span><span style=\"color: #000000; font-family: Calibri;\">in Zwickau statt. Auch unsere Schule\u00a0beteiligte sich\u00a0in diesem Schuljahr wieder mit drei Sch\u00fclern . Durch ihre erfolgreiche Teilnahme an der 1. Stufe der MO hatten sich aus der Klasse 4b Nina K\u00e4ser, Lukas Laube und Henry Seidel f\u00fcr ihre Teilnahme als <\/span><span style=\"font-family: Calibri;\">Fr\u00fchstarter in Klasse 5 <\/span><span style=\"color: #000000; font-family: Calibri;\">qualifiziert und erfolgreich an der 2. Stufe teilgenommen.<\/span><\/p>\n<p><span style=\"color: #000000; font-family: Calibri;\">Wir\u00a0gratulieren unseren Teilnehmern zu ihren Ergebnissen!<\/span><\/p>\n<p><a href=\"https:\/\/gscrossen.de\/wp-content\/uploads\/2016\/11\/IMG-20161108-WA0003.jpg\"><img loading=\"lazy\" decoding=\"async\" class=\"alignnone wp-image-695 size-medium\" src=\"http:\/\/gscrossen.de.92-51-129-199.artofpages.de\/wp-content\/uploads\/2016\/11\/IMG-20161108-WA0003-300x169.jpg\" alt=\"img-20161108-wa0003\" width=\"300\" height=\"169\" srcset=\"https:\/\/gscrossen.de\/wp-content\/uploads\/2016\/11\/IMG-20161108-WA0003-300x169.jpg 300w, https:\/\/gscrossen.de\/wp-content\/uploads\/2016\/11\/IMG-20161108-WA0003-1024x576.jpg 1024w, https:\/\/gscrossen.de\/wp-content\/uploads\/2016\/11\/IMG-20161108-WA0003.jpg 1328w\" sizes=\"auto, (max-width: 300px) 100vw, 300px\" \/><\/a><\/p>\n<h4 style=\"text-align: center;\"><strong><span style=\"color: #ff0000;\">F\u00e4cherverbindender Untericht\u00a0 zum Thema: &#8220;So ein Theater&#8221;<\/span><\/strong><\/h4>\n<p>In der letzten Schulwoche im Kalenderjahr 2016 fand\u00a0 eine besondere Woche statt. Die Kinder befassten sich mit dem Thema Theater und bewiesen dabei nicht nur Phantasie und Kreativit\u00e4t, sondern sie zeigten bei der Vielzahl von Aktivit\u00e4ten viel Freude. In den Klassen wurden die verschiedensten Arten von Theaterst\u00fccken(u.a.\u00a0 Puppenspiel, Stabpuppenspiel) einstudiert, Kulissen gebastelt und gegenseitig vorgef\u00fchrt. Am letzten Tag besuchten als kr\u00f6nender Abschluss alle Sch\u00fcler die Auff\u00fchrung des Zwickauer Theaters in der Neuen Welt &#8220;Drei Haseln\u00fcsse f\u00fcr Aschenbr\u00f6del&#8221;. Jetzt konnten die Weihnachtsferien endlich beginnen.<\/p>\n<p>In den n\u00e4chstn Tagen werden noch einige Bilder von der Woche eingef\u00fcgt. Viel Spa\u00df beim Anschauen!<\/p>\n<p><img loading=\"lazy\" decoding=\"async\" class=\"alignnone size-medium wp-image-823\" src=\"https:\/\/gscrossen.de\/wp-content\/uploads\/2016\/12\/DSC_0077-300x169.jpg\" alt=\"\" width=\"300\" height=\"169\" \/><img loading=\"lazy\" decoding=\"async\" class=\"alignnone size-medium wp-image-822\" src=\"https:\/\/gscrossen.de\/wp-content\/uploads\/2016\/12\/DSC_0076-300x169.jpg\" alt=\"\" width=\"300\" height=\"169\" \/><img loading=\"lazy\" decoding=\"async\" class=\"alignnone size-medium wp-image-821\" src=\"https:\/\/gscrossen.de\/wp-content\/uploads\/2016\/12\/DSC_0070-e1482916046827-169x300.jpg\" alt=\"\" width=\"169\" height=\"300\" \/>\u00a0 <img loading=\"lazy\" decoding=\"async\" class=\"alignnone size-medium wp-image-892\" src=\"https:\/\/gscrossen.de\/wp-content\/uploads\/2016\/10\/CIMG0046-1-300x225.jpg\" alt=\"\" width=\"300\" height=\"225\" \/>\u00a0 <img loading=\"lazy\" decoding=\"async\" class=\"alignnone size-medium wp-image-891\" src=\"https:\/\/gscrossen.de\/wp-content\/uploads\/2016\/10\/CIMG0045-1-300x225.jpg\" alt=\"\" width=\"300\" height=\"225\" \/>\u00a0 <img loading=\"lazy\" decoding=\"async\" class=\"alignnone size-medium wp-image-890\" src=\"https:\/\/gscrossen.de\/wp-content\/uploads\/2016\/10\/CIMG0042-1-300x225.jpg\" alt=\"\" width=\"300\" height=\"225\" \/><\/p>\n<p>Die Klasse 4a studierte das M\u00e4rchen&#8221;H\u00e4nsel und Gretel&#8221; ein und alle Sch\u00fcler durften\u00a0 einer Auff\u00fchrung beiwohnen. Nat\u00fcrlich waren auch die Eltern der Kinder zu einer Sonderauff\u00fchrung eingeladen und konnten die Talente ihre Kinder bewundern. Frau Langguth stellt dazu wundersch\u00f6ne Kulissen her und n\u00e4hte die Kost\u00fcme. Wir sagen vielen Dank!<\/p>\n<p>In der Klasse 4b wurden lustige Sketche einstudiert. Die Lachmuskeln wurden dabei strapaziert.<\/p>\n<p>Die Klassen 1 f\u00fchrten mit Handpuppen selbstausgedachte Geschichten im Puppentheater vor.<\/p>\n<p>Mit Stabpuppen und selbstgemalten Kulissen begeisterten die Klassen 2 ihr Mitsch\u00fcler.<\/p>\n<p>Das M\u00e4rchen\u00a0 &#8221; Die Goldene Axt&#8221; wurde in der Klasse 3a aufgef\u00fchrt . Flei\u00dfige Eltern stellten daf\u00fcr die Kost\u00fcme und Kulissen bereit.<\/p>\n<p><img loading=\"lazy\" decoding=\"async\" class=\"alignnone size-medium wp-image-875\" src=\"https:\/\/gscrossen.de\/wp-content\/uploads\/2016\/10\/CIMG0005-2-225x300.jpg\" alt=\"\" width=\"225\" height=\"300\" \/>\u00a0 <img loading=\"lazy\" decoding=\"async\" class=\"alignnone size-medium wp-image-880\" src=\"https:\/\/gscrossen.de\/wp-content\/uploads\/2016\/10\/CIMG0014-300x225.jpg\" alt=\"\" width=\"300\" height=\"225\" \/>\u00a0 <img loading=\"lazy\" decoding=\"async\" class=\"alignnone size-medium wp-image-881\" src=\"https:\/\/gscrossen.de\/wp-content\/uploads\/2016\/10\/CIMG0015-1-300x225.jpg\" alt=\"\" width=\"300\" height=\"225\" \/>\u00a0\u00a0<img loading=\"lazy\" decoding=\"async\" class=\"alignnone size-medium wp-image-887\" src=\"https:\/\/gscrossen.de\/wp-content\/uploads\/2016\/10\/CIMG0032-300x225.jpg\" alt=\"\" width=\"300\" height=\"225\" \/>\u00a0\u00a0 <img loading=\"lazy\" decoding=\"async\" class=\"alignnone size-medium wp-image-913\" src=\"https:\/\/gscrossen.de\/wp-content\/uploads\/2016\/10\/20161221_093909-300x169.jpg\" alt=\"\" width=\"300\" height=\"169\" \/> <img loading=\"lazy\" decoding=\"async\" class=\"alignnone size-medium wp-image-914\" src=\"https:\/\/gscrossen.de\/wp-content\/uploads\/2016\/10\/20161221_095319-300x169.jpg\" alt=\"\" width=\"300\" height=\"169\" \/><\/p>\n<p>Nat\u00fcrlich durfte auch ein gemeinschaftliches Singen vor den Weihnachtsferien mit unserem Chor nicht fehlen. Herr Klaum\u00fcnzner begeisterte mit den Chorkindern den Rest der Sch\u00fcler -und Lehrerschaft.<\/p>\n<p><img loading=\"lazy\" decoding=\"async\" class=\"alignnone size-medium wp-image-888\" src=\"https:\/\/gscrossen.de\/wp-content\/uploads\/2016\/10\/CIMG0035-300x225.jpg\" alt=\"\" width=\"300\" height=\"225\" \/>\u00a0\u00a0 <img loading=\"lazy\" decoding=\"async\" class=\"alignnone size-medium wp-image-889\" src=\"https:\/\/gscrossen.de\/wp-content\/uploads\/2016\/10\/CIMG0036-225x300.jpg\" alt=\"\" width=\"225\" height=\"300\" \/><\/p>\n<p>Wie schon seit Jahren zur Tradition geworden, fand auch in dieser Woche wieder unser Wettbewerb zum &#8220;Lesek\u00f6nig&#8221; statt. Unsere neuen Schulanf\u00e4nger aus der Kindertagesst\u00e4tte &#8220;Muldenstrolche&#8221; waren\u00a0 ebenso eingeladen. Alle K\u00f6niginnen und K\u00f6nige erhielten durch Frau Baehr eine Medaille ,eine Urkunde und ein Buch als Anerkennung f\u00fcr ihre hervorragenden Leseleistungen.<\/p>\n<p><img loading=\"lazy\" decoding=\"async\" class=\"alignnone wp-image-883\" src=\"https:\/\/gscrossen.de\/wp-content\/uploads\/2016\/10\/CIMG0019-300x225.jpg\" alt=\"\" width=\"277\" height=\"208\" \/><img loading=\"lazy\" decoding=\"async\" class=\"alignnone size-medium wp-image-885\" src=\"https:\/\/gscrossen.de\/wp-content\/uploads\/2016\/10\/CIMG0027-300x225.jpg\" alt=\"\" width=\"300\" height=\"225\" \/>\u00a0 <img loading=\"lazy\" decoding=\"async\" class=\"alignnone size-medium wp-image-886\" src=\"https:\/\/gscrossen.de\/wp-content\/uploads\/2016\/10\/CIMG0030-300x225.jpg\" alt=\"\" width=\"300\" height=\"225\" \/><\/p>\n<h3><strong><span style=\"color: #3366ff;\">\u00a0\u00a0\u00a0\u00a0\u00a0\u00a0\u00a0\u00a0\u00a0\u00a0\u00a0\u00a0\u00a0\u00a0\u00a0\u00a0\u00a0\u00a0\u00a0\u00a0\u00a0\u00a0\u00a0\u00a0\u00a0\u00a0\u00a0\u00a0\u00a0\u00a0\u00a0\u00a0\u00a0\u00a0\u00a0\u00a0\u00a0\u00a0\u00a0\u00a0\u00a0\u00a0\u00a0\u00a0\u00a0\u00a0\u00a0\u00a0\u00a0\u00a0\u00a0\u00a0\u00a0\u00a0\u00a0\u00a0\u00a0\u00a0\u00a0\u00a0\u00a0\u00a0\u00a0\u00a0\u00a0\u00a0\u00a0\u00a0\u00a0\u00a0\u00a0\u00a0\u00a0\u00a0\u00a0\u00a0\u00a0\u00a0\u00a0\u00a0\u00a0\u00a0\u00a0\u00a0\u00a0\u00a0\u00a0\u00a0\u00a0\u00a0\u00a0\u00a0\u00a0\u00a0\u00a0\u00a0\u00a0 Wettbewerb f\u00fcr sprachbegeisterte Sch\u00fcler am Kirchberger Gymnasium<\/span><\/strong><\/h3>\n<p>Wie jedes Schuljahr nehmen von allen Grundschulen aus dem Zwickauer Land und der Stadt Zwickau die besten 2 Sch\u00fcler an einem Wettbewerb \u00fcber die englische Sprache teil.<\/p>\n<p>In diesem Schuljahr belegt der Sch\u00fcler Henry Seidel aus der Klasse 4b den 2. Platz von \u00fcber 100 Teilnehmern.<\/p>\n<p>Wir sagen &#8220;Herzlichen Gl\u00fcckwunsch&#8221;\u00a0 und sind stolz auf Henrys Leistungen.<\/p>\n<\/div>\n","protected":false},"excerpt":{"rendered":"<p>Einblicke ins Jahr 2016 Projekte und Wandertage im 2. Schulhalbjahr 2015\/16 Der Kartoffelbus an der GS Crossen Am Dienstag, dem 15.03.2016 war der Kartoffelbus zu Besuch in der Grundschule Crossen.\u00a0Wir haben Kartoffeln und Quark zubereitet. Zuerst hat der Koch uns alles erkl\u00e4rt. Danach haben wir die Kartoffeln gesch\u00e4lt und geschnitten.\u00a0In&nbsp;<a href=\"https:\/\/gscrossen.de\/?p=615\">&hellip;<\/a><\/p>\n","protected":false},"author":1,"featured_media":701,"comment_status":"closed","ping_status":"closed","sticky":false,"template":"","format":"standard","meta":{"_acf_changed":false,"footnotes":""},"categories":[19],"tags":[],"class_list":["post-615","post","type-post","status-publish","format-standard","has-post-thumbnail","hentry","category-rueckblicke","odd"],"acf":[],"_links":{"self":[{"href":"https:\/\/gscrossen.de\/index.php?rest_route=\/wp\/v2\/posts\/615","targetHints":{"allow":["GET"]}}],"collection":[{"href":"https:\/\/gscrossen.de\/index.php?rest_route=\/wp\/v2\/posts"}],"about":[{"href":"https:\/\/gscrossen.de\/index.php?rest_route=\/wp\/v2\/types\/post"}],"author":[{"embeddable":true,"href":"https:\/\/gscrossen.de\/index.php?rest_route=\/wp\/v2\/users\/1"}],"replies":[{"embeddable":true,"href":"https:\/\/gscrossen.de\/index.php?rest_route=%2Fwp%2Fv2%2Fcomments&post=615"}],"version-history":[{"count":1,"href":"https:\/\/gscrossen.de\/index.php?rest_route=\/wp\/v2\/posts\/615\/revisions"}],"predecessor-version":[{"id":2283,"href":"https:\/\/gscrossen.de\/index.php?rest_route=\/wp\/v2\/posts\/615\/revisions\/2283"}],"wp:featuredmedia":[{"embeddable":true,"href":"https:\/\/gscrossen.de\/index.php?rest_route=\/wp\/v2\/media\/701"}],"wp:attachment":[{"href":"https:\/\/gscrossen.de\/index.php?rest_route=%2Fwp%2Fv2%2Fmedia&parent=615"}],"wp:term":[{"taxonomy":"category","embeddable":true,"href":"https:\/\/gscrossen.de\/index.php?rest_route=%2Fwp%2Fv2%2Fcategories&post=615"},{"taxonomy":"post_tag","embeddable":true,"href":"https:\/\/gscrossen.de\/index.php?rest_route=%2Fwp%2Fv2%2Ftags&post=615"}],"curies":[{"name":"wp","href":"https:\/\/api.w.org\/{rel}","templated":true}]}}